{"id":675,"date":"2015-12-13T10:46:30","date_gmt":"2015-12-13T10:46:30","guid":{"rendered":"http:\/\/impulsgeber-nrw.de\/?p=675"},"modified":"2018-04-01T09:47:55","modified_gmt":"2018-04-01T09:47:55","slug":"festtage","status":"publish","type":"post","link":"http:\/\/impulsgeber-nrw.de\/?p=675","title":{"rendered":"Festtage"},"content":{"rendered":"<p>Wenn wir uns die kirchliche Welt anschauen, so bedeutet es f\u00fcr die Gl\u00e4ubigen Christen in aller Welt die Geburt von Jesus Christus. Diese Tage sind Ankunft als auch ein Neubeginn. Wenige Tage sp\u00e4ter folgt der Jahreswechsel. Es sind die Tage, sich mit der Familie und Freunde zu treffen, zu speisen, zu feiern und in trauter Runde gemeinsam gem\u00fctlich zu sitzen und Geschenke auszutauschen.<\/p>\n<p>Sind wir tats\u00e4chlich in dieser Zeit bei uns selbst und bei unseren Lieben oder sind es die Tage, die bei uns ein Pflichtprogramm darstellen, so wie ein wichtiger beruflicher oder private Termin im Laufe des Jahres, innerhalb eines Tages, Woche oder Monats? Sind wir getrieben vom Zeitdruck und dem Konsumbed\u00fcrfnis, welches uns die Werbung suggeriert? F\u00fcr die Kinder ist es Spannung pur! Was ist es f\u00fcr jeden Erwachsenen? Wo liegt unser wahrer Reichtum an diesen Tagen und wo beginnt er?<\/p>\n<p>Warum machst DU das, was Du im nun ablaufenden Jahr beruflich und privat getan hast? Tust DU es, um etwas zu gewinnen oder einen Verlust zu vermeiden? Wir alle wollen in unserem Leben etwas erreichen, zumindest eine innere und pers\u00f6nliche Zufriedenheit. Wenn das treibende und fordernde Motiv ist: \u201eDa muss ich unbedingt hin, koste es, was es wolle.\u201c, oder: \u201e So was will ich unbedingt vermeiden!\u201c, dann kommt eine Kraft ins Spiel, welche die Verbindung zu deinem wahren Wesenskern unterbricht. Wo stehst DU jetzt und wo willst DU hin?<\/p>\n<p>Ist dein Leben in der Balance?<br \/>\nIn welchen Lebensbereichen w\u00fcnscht DU dir eine Ver\u00e4nderung vor?<br \/>\n\u2022 Gesundheit<br \/>\n\u2022 Beruf<br \/>\n\u2022 Privat<br \/>\n\u2022 Finanzen<br \/>\n\u2022 Beziehungen<\/p>\n<p>\u2022 Welches Ger\u00fcmpel oder Ballast willst DU los werden?<br \/>\n\u2022 Was ist f\u00fcr DICH wichtig?<br \/>\n\u2022 Ist die Arbeit f\u00fcr DICH wichtig?<br \/>\n\u2022 Welche Art von Arbeit und wie m\u00f6chtest DU DEINE Arbeit gestalten?<br \/>\n\u2022 Was bedeutet f\u00fcr DICH zu arbeiten?<br \/>\n\u2022 Was bedeuten DIR Menschen und wie m\u00f6chtest DU mit Ihnen umgehen?<br \/>\n\u2022 M\u00f6chtest DU mit einem Menschen wieder Kontakt aufnehmen, den DU vermisst?<br \/>\n\u2022 Welches Anliegen hast DU und was steht f\u00fcr DICH an erster Stelle?<\/p>\n<p>Hier liegt ein erster Auszug von Fragen, die Dir dabei helfen, deine Ausgangslage zu definieren und im Verlaufe des Bearbeitens auch die Richtung aufzeigen, die Du in dir wahrnimmst, wohin die spannende Reise deines Lebens hinf\u00fchren kann bzw. wirst, wenn DU willst.<\/p>\n<p>&nbsp;<\/p>\n<p>&nbsp;<\/p>\n<p>&nbsp;<\/p>\n<p>&nbsp;<\/p>\n","protected":false},"excerpt":{"rendered":"<p>Wenn wir uns die kirchliche Welt anschauen, so bedeutet es f\u00fcr die Gl\u00e4ubigen Christen in aller Welt die Geburt von Jesus Christus. Diese Tage sind Ankunft als auch ein Neubeginn. Wenige Tage sp\u00e4ter folgt der Jahreswechsel. Es sind die Tage, sich mit der Familie und Freunde zu treffen, zu speisen, zu feiern und in trauter &hellip; <a href=\"http:\/\/impulsgeber-nrw.de\/?p=675\" class=\"more-link\"><span class=\"screen-reader-text\">Festtage<\/span> weiterlesen <span class=\"meta-nav\">&rarr;<\/span><\/a><\/p>\n","protected":false},"author":1,"featured_media":666,"comment_status":"open","ping_status":"open","sticky":false,"template":"","format":"standard","meta":{"sfsi_plus_gutenberg_text_before_share":"","sfsi_plus_gutenberg_show_text_before_share":"","sfsi_plus_gutenberg_icon_type":"","sfsi_plus_gutenberg_icon_alignemt":"","sfsi_plus_gutenburg_max_per_row":"","footnotes":""},"categories":[2],"tags":[],"_links":{"self":[{"href":"http:\/\/impulsgeber-nrw.de\/index.php?rest_route=\/wp\/v2\/posts\/675"}],"collection":[{"href":"http:\/\/impulsgeber-nrw.de\/index.php?rest_route=\/wp\/v2\/posts"}],"about":[{"href":"http:\/\/impulsgeber-nrw.de\/index.php?rest_route=\/wp\/v2\/types\/post"}],"author":[{"embeddable":true,"href":"http:\/\/impulsgeber-nrw.de\/index.php?rest_route=\/wp\/v2\/users\/1"}],"replies":[{"embeddable":true,"href":"http:\/\/impulsgeber-nrw.de\/index.php?rest_route=%2Fwp%2Fv2%2Fcomments&post=675"}],"version-history":[{"count":1,"href":"http:\/\/impulsgeber-nrw.de\/index.php?rest_route=\/wp\/v2\/posts\/675\/revisions"}],"predecessor-version":[{"id":1198,"href":"http:\/\/impulsgeber-nrw.de\/index.php?rest_route=\/wp\/v2\/posts\/675\/revisions\/1198"}],"wp:featuredmedia":[{"embeddable":true,"href":"http:\/\/impulsgeber-nrw.de\/index.php?rest_route=\/"}],"wp:attachment":[{"href":"http:\/\/impulsgeber-nrw.de\/index.php?rest_route=%2Fwp%2Fv2%2Fmedia&parent=675"}],"wp:term":[{"taxonomy":"category","embeddable":true,"href":"http:\/\/impulsgeber-nrw.de\/index.php?rest_route=%2Fwp%2Fv2%2Fcategories&post=675"},{"taxonomy":"post_tag","embeddable":true,"href":"http:\/\/impulsgeber-nrw.de\/index.php?rest_route=%2Fwp%2Fv2%2Ftags&post=675"}],"curies":[{"name":"wp","href":"https:\/\/api.w.org\/{rel}","templated":true}]}}