{"id":740,"date":"2016-01-16T13:08:28","date_gmt":"2016-01-16T13:08:28","guid":{"rendered":"http:\/\/impulsgeber-nrw.de\/?p=740"},"modified":"2018-04-01T09:47:54","modified_gmt":"2018-04-01T09:47:54","slug":"start_2016","status":"publish","type":"post","link":"http:\/\/impulsgeber-nrw.de\/?p=740","title":{"rendered":"Start_2016"},"content":{"rendered":"<p><a href=\"http:\/\/impulsgeber-nrw.de\/wp-content\/uploads\/2016\/01\/neujahrsgruss_2016_160116u.jpg\" rel=\"attachment wp-att-743\"><img loading=\"lazy\" decoding=\"async\" class=\"size-medium wp-image-743 alignleft\" src=\"http:\/\/impulsgeber-nrw.de\/wp-content\/uploads\/2016\/01\/neujahrsgruss_2016_160116u-300x300.jpg\" alt=\"neujahrsgruss_2016_160116u\" width=\"300\" height=\"300\" \/><\/a>Bist DU weiterhin startklar f\u00fcr 2016? Beabsichtigst DU mal aus der \u201eNorm\u201c zu fallen und etwas \u201everr\u00fccktes\u201c zu tun? Im eigentlichen Wortsinn etwas ver_ r\u00fccken. Vieles ist bei uns \u201e<strong>NORM<\/strong>al\u201c und <strong>ALL<\/strong>t\u00e4glich\u201c geworden. Indem wir GEWOHNHEITEN UND GEWOHNTES verr\u00fccken, kreieren wir NEUES. Welchen Gedanken, welche Idee hattest DU schon gehabt, um etwas zu ver_r\u00fccken? DU erinnerst DICH:\u00a0 Du ver_r\u00fcckst auch mal M\u00f6bel in deiner Wohnung, um etwas neu zu platzieren und dein Wohnraum neu zu gestalten? Wir sind uns sicherlich daher einig: \u201eM\u00f6bel verr\u00fccken ist m\u00f6glich!!!\u201c<\/p>\n<p>Wer sagt DIR eigentlich, dass eine ver_r\u00fcckte Idee zu verwirklichen nicht m\u00f6glich ist? Es ist m\u00f6glich!!! K\u00f6nnte es sein, dass ein tieferer Sinn in <span style=\"color: #ff6600;\"><strong>DEINEM LEBEN<\/strong><\/span> darin besteht, aus jenem Gedanken, jener Idee, jenem Wunsch eine <strong><span style=\"color: #ff6600;\">VISION<\/span><\/strong> zu verwirklichen und zu folgen?<\/p>\n<p>Wir wissen seit Sigmund Freud, dass Menschen zu fast 90 % von ihren unbewussten Prozessen gesteuert werden. Unbewussten Prozesse agieren immer wesentlich schneller als unser Bewusstsein. In unserer modernen Leistungsgesellschaft war es bis vor kurzem noch normal, sich nur auf sein Bewusstsein, also seinen Verstand zu verlassen. Und somit werden die einen immer mehr zum Spielball derer, die inzwischen auch die zahlreichen F\u00e4higkeiten des Unterbewusstseins nutzen.<\/p>\n<p>Stelle Dir dein Gehirn wie einen Computer vor. Er besteht aus Hardware und Software. Wenn DU die k\u00f6rperlichen Voraussetzungen f\u00fcr ein gutes Funktionieren optimierst, ja verbesserst (Hardware), dann funktioniert auch dein Denken (Software) besser.<\/p>\n<p><span style=\"color: #ff6600;\"><strong>Unser Gehirn ist ein geniales Organ. Obwohl es nur 2% unseres K\u00f6rpergewichtes ausmacht, braucht es 20-30% aller Kalorien und 20% des Sauerstoffs und Blutversorgung unseres K\u00f6rpers. Somit verbraucht unser Gehirn die meisten \u201eBetriebsmittel\u201c von allen Organen. Es besitzt etwa 100 Milliarden Nervenzellen und mit 100 Billionen mehr Synapsen als das Universum Sterne.<\/strong><\/span><\/p>\n<h6><strong>Was bedeutet das nun?<\/strong><\/h6>\n<p>Wenn es bei uns im Gehirn chaotisch abl\u00e4uft,\u00a0 dann verhalten und funktionieren wir auch so. Wenn wir nicht klar denken k\u00f6nnen, k\u00f6nnen wir auch keine besseren Entscheidungen treffen. All das zieht auch unsere Gesundheit (unsere Gesamtverfassung) in Mitleidenschaft. <strong><span style=\"color: #ff6600;\">Wenn unser Gehirn \u201erichtig\u201c funktioniert, funktionieren wir auch richtig \u201ereibungslos\u201c!<\/span><\/strong><\/p>\n<p>Wenn DU ganzheitlich ges\u00fcnder leben willst, solltest DU eine Entscheidung treffen und etwas f\u00fcr deine Gehirnzellen aktivieren.<\/p>\n<p>1. K\u00fcmmere dich leidenschaftlich um dein Gehirn mit positiven Gedanken<br \/>\n2. Vermeide alles, was deinem Kopf und Denken verletzen k\u00f6nnte<br \/>\n3. Bem\u00fche Dich um Verhaltensweisen die Deinem Gehirn und Deinem Denken gut tun<\/p>\n<p>Mehr in einem n\u00e4chsten Beitrag oder auch sehr gerne in einem pers\u00f6nlichen Gespr\u00e4ch. Termine bitte bei Email info@impulsgeber-nrw.de oder telefonisch Tel: 02191\/5911287<\/p>\n<p>&nbsp;<\/p>\n<p>&nbsp;<\/p>\n","protected":false},"excerpt":{"rendered":"<p>Bist DU weiterhin startklar f\u00fcr 2016? Beabsichtigst DU mal aus der \u201eNorm\u201c zu fallen und etwas \u201everr\u00fccktes\u201c zu tun? Im eigentlichen Wortsinn etwas ver_ r\u00fccken. Vieles ist bei uns \u201eNORMal\u201c und ALLt\u00e4glich\u201c geworden. Indem wir GEWOHNHEITEN UND GEWOHNTES verr\u00fccken, kreieren wir NEUES. Welchen Gedanken, welche Idee hattest DU schon gehabt, um etwas zu ver_r\u00fccken? DU &hellip; <a href=\"http:\/\/impulsgeber-nrw.de\/?p=740\" class=\"more-link\"><span class=\"screen-reader-text\">Start_2016<\/span> weiterlesen <span class=\"meta-nav\">&rarr;<\/span><\/a><\/p>\n","protected":false},"author":1,"featured_media":0,"comment_status":"open","ping_status":"open","sticky":false,"template":"","format":"standard","meta":{"sfsi_plus_gutenberg_text_before_share":"","sfsi_plus_gutenberg_show_text_before_share":"","sfsi_plus_gutenberg_icon_type":"","sfsi_plus_gutenberg_icon_alignemt":"","sfsi_plus_gutenburg_max_per_row":"","footnotes":""},"categories":[2],"tags":[],"_links":{"self":[{"href":"http:\/\/impulsgeber-nrw.de\/index.php?rest_route=\/wp\/v2\/posts\/740"}],"collection":[{"href":"http:\/\/impulsgeber-nrw.de\/index.php?rest_route=\/wp\/v2\/posts"}],"about":[{"href":"http:\/\/impulsgeber-nrw.de\/index.php?rest_route=\/wp\/v2\/types\/post"}],"author":[{"embeddable":true,"href":"http:\/\/impulsgeber-nrw.de\/index.php?rest_route=\/wp\/v2\/users\/1"}],"replies":[{"embeddable":true,"href":"http:\/\/impulsgeber-nrw.de\/index.php?rest_route=%2Fwp%2Fv2%2Fcomments&post=740"}],"version-history":[{"count":1,"href":"http:\/\/impulsgeber-nrw.de\/index.php?rest_route=\/wp\/v2\/posts\/740\/revisions"}],"predecessor-version":[{"id":1197,"href":"http:\/\/impulsgeber-nrw.de\/index.php?rest_route=\/wp\/v2\/posts\/740\/revisions\/1197"}],"wp:attachment":[{"href":"http:\/\/impulsgeber-nrw.de\/index.php?rest_route=%2Fwp%2Fv2%2Fmedia&parent=740"}],"wp:term":[{"taxonomy":"category","embeddable":true,"href":"http:\/\/impulsgeber-nrw.de\/index.php?rest_route=%2Fwp%2Fv2%2Fcategories&post=740"},{"taxonomy":"post_tag","embeddable":true,"href":"http:\/\/impulsgeber-nrw.de\/index.php?rest_route=%2Fwp%2Fv2%2Ftags&post=740"}],"curies":[{"name":"wp","href":"https:\/\/api.w.org\/{rel}","templated":true}]}}