{"id":827,"date":"2016-03-13T12:36:30","date_gmt":"2016-03-13T12:36:30","guid":{"rendered":"http:\/\/impulsgeber-nrw.de\/?p=827"},"modified":"2018-04-01T09:47:44","modified_gmt":"2018-04-01T09:47:44","slug":"daheim","status":"publish","type":"post","link":"http:\/\/impulsgeber-nrw.de\/?p=827","title":{"rendered":"Daheim"},"content":{"rendered":"<p><a href=\"http:\/\/impulsgeber-nrw.de\/wp-content\/uploads\/2016\/03\/Valentin_130316.jpg\" rel=\"attachment wp-att-830\"><img loading=\"lazy\" decoding=\"async\" class=\"size-medium wp-image-830 alignleft\" src=\"http:\/\/impulsgeber-nrw.de\/wp-content\/uploads\/2016\/03\/Valentin_130316-300x300.jpg\" alt=\"Valentin_130316\" width=\"300\" height=\"300\" \/><\/a>Die Aussage des Komikers Karl Valentin (1982 -1948) ist hoch aktuell:\u00a0 \u201eHeute<br \/>\nbesuche ich mich selbst. Ich bin gespannt, ob ich\u00a0 zu Haus bin.\u201c<\/p>\n<p>Unser multimedialer Alltag verlangt beruflich als auch privat viel von uns. Der Terminkalender ist zugepackt. Wir hetzen uns, trotz moderner und mobiler Kommunikation, von Termin zu Termin. Wir haben das Gef\u00fchl, unsere Zeit eilt uns stets voraus. Unser Fokus ist daher stets immer mehr nach aussen ausgerichtet, weit weg von unseren eigenen positiven Empfindungen, unseren Freuden, unseren Wahrnehmungen. selbst. Ganz besonders sind wir von uns pers\u00f6nlich entfernt.<\/p>\n<p>Wir sind oft nicht genug bei uns, sondern bei anderen Menschen und den entsprechenden Gedanken und Gef\u00fchlen. Manchmal bemerken wir nach einigen Minuten, dass wir einen Spaziergang in\u00a0 der\u00a0 Natur nicht so wahrgenommen haben.\u00a0 Auch die gedankliche Abwesenheit greift bei Autofahrern ein, wenn\u00a0 zum n\u00e4chsten Termin gefahren wird. Wir sind in diesen Augenblick nicht bei uns daheim.<\/p>\n<p>Wenn in unserem Leben etwas zusammenbricht oder auseinanderf\u00e4llt, ist dieses nat\u00fcrlich eine schlechte Nachricht. Es ist auch verst\u00e4ndlich, dass wir gerne den Prozess aufhalten oder beschleunigen wollen. Wenn pl\u00f6tzlich eine\u00a0Krise auftaucht, dann k\u00f6nnen die meisten Menschen nicht in der gewohnten Art damit umgehen<strong>.<\/strong> Die Rezepte als auch erfolgreichen L\u00f6sungsstrategien, die einst funktionierten, um sich durchs Leben zu man\u00f6vrieren, sind nicht mehr effektiv, und somit sind die Menschen gezwungen nach innen zu gehen und neue Antworten zu finden. Wer Widerstand leistet und nicht auf sein inneres Selbst h\u00f6rt, derjenige wird fr\u00fcher oder sp\u00e4ter eine Art von Krise erleben, die ihn noch mehr dazu zwingt, sein Leben neu zu justieren. Die L\u00f6sung liegt jenseits des Verstandes.<\/p>\n<p>Sich\u00a0 selbst wieder <em>wahrzunehmen<\/em>, zu <em>f\u00fchlen<\/em> und die aus der Gespr\u00e4chssitzung resultierende L\u00f6sungsvorschl\u00e4ge zu erleben<em>,<\/em> ist\u00a0 ein lohnendes Ziel. Im meditativen Gespr\u00e4ch wird wieder erreicht, sich auf einen Punkt zu fokussieren, die Au\u00dfenreize werden nach au\u00dfen minimiert und verlieren dadurch ihre Dominanz. Somit steht dem Klienten ein unwahrscheinliches Potential seiner &#8222;Pers\u00f6nlichkeit&#8220; zur Verf\u00fcgung. Ich \u00fcbernehme bei diesen Sitzungen den Part des &#8222;Begleiters&#8220;. Ich leihe\u00a0 meinen Klienten mein Wissen, meine kompetente Erfahrungen und meine Sinne.\u00a0 Ich bin also das Navigationsfahrzeug. Bitte einsteigen!!!<\/p>\n<p>Erkenne und erlerne wieder, welche Sch\u00e4tze <em>Dein<\/em> Alltag f\u00fcr Dich bereit h\u00e4lt. Lerne und erfahre, wieviel Freude in so scheinbar kleinen Dingen liegen kann und wie DU diese Ressourcen im Alltag etablieren kannst.F\u00fcr mehr Lebensfreude und Energie.<\/p>\n<p>Im Mai wird\u00a0 hierzu einen Workshop von impulsgeber-nrw.de angeboten.Dieser Workshop lebt von der Individualit\u00e4t der Kursteilnehmer.Die <strong>Selbsterfahrung und Ressourcenaktivierung<\/strong> ist ein wichtiger Teil dieses Workshops.<\/p>\n<div class=\"n diyfeLiveArea\">\n<p>Termine werden rechtzeitig ver\u00f6ffentlicht. Ich freue mich auf DICH!!!<\/p>\n<\/div>\n","protected":false},"excerpt":{"rendered":"<p>Die Aussage des Komikers Karl Valentin (1982 -1948) ist hoch aktuell:\u00a0 \u201eHeute besuche ich mich selbst. Ich bin gespannt, ob ich\u00a0 zu Haus bin.\u201c Unser multimedialer Alltag verlangt beruflich als auch privat viel von uns. Der Terminkalender ist zugepackt. Wir hetzen uns, trotz moderner und mobiler Kommunikation, von Termin zu Termin. Wir haben das Gef\u00fchl, &hellip; <a href=\"http:\/\/impulsgeber-nrw.de\/?p=827\" class=\"more-link\"><span class=\"screen-reader-text\">Daheim<\/span> weiterlesen <span class=\"meta-nav\">&rarr;<\/span><\/a><\/p>\n","protected":false},"author":1,"featured_media":0,"comment_status":"open","ping_status":"open","sticky":false,"template":"","format":"standard","meta":{"sfsi_plus_gutenberg_text_before_share":"","sfsi_plus_gutenberg_show_text_before_share":"","sfsi_plus_gutenberg_icon_type":"","sfsi_plus_gutenberg_icon_alignemt":"","sfsi_plus_gutenburg_max_per_row":"","footnotes":""},"categories":[2],"tags":[],"_links":{"self":[{"href":"http:\/\/impulsgeber-nrw.de\/index.php?rest_route=\/wp\/v2\/posts\/827"}],"collection":[{"href":"http:\/\/impulsgeber-nrw.de\/index.php?rest_route=\/wp\/v2\/posts"}],"about":[{"href":"http:\/\/impulsgeber-nrw.de\/index.php?rest_route=\/wp\/v2\/types\/post"}],"author":[{"embeddable":true,"href":"http:\/\/impulsgeber-nrw.de\/index.php?rest_route=\/wp\/v2\/users\/1"}],"replies":[{"embeddable":true,"href":"http:\/\/impulsgeber-nrw.de\/index.php?rest_route=%2Fwp%2Fv2%2Fcomments&post=827"}],"version-history":[{"count":1,"href":"http:\/\/impulsgeber-nrw.de\/index.php?rest_route=\/wp\/v2\/posts\/827\/revisions"}],"predecessor-version":[{"id":1189,"href":"http:\/\/impulsgeber-nrw.de\/index.php?rest_route=\/wp\/v2\/posts\/827\/revisions\/1189"}],"wp:attachment":[{"href":"http:\/\/impulsgeber-nrw.de\/index.php?rest_route=%2Fwp%2Fv2%2Fmedia&parent=827"}],"wp:term":[{"taxonomy":"category","embeddable":true,"href":"http:\/\/impulsgeber-nrw.de\/index.php?rest_route=%2Fwp%2Fv2%2Fcategories&post=827"},{"taxonomy":"post_tag","embeddable":true,"href":"http:\/\/impulsgeber-nrw.de\/index.php?rest_route=%2Fwp%2Fv2%2Ftags&post=827"}],"curies":[{"name":"wp","href":"https:\/\/api.w.org\/{rel}","templated":true}]}}