{"id":913,"date":"2016-05-07T19:16:00","date_gmt":"2016-05-07T19:16:00","guid":{"rendered":"http:\/\/impulsgeber-nrw.de\/?p=913"},"modified":"2018-04-01T09:59:41","modified_gmt":"2018-04-01T09:59:41","slug":"kraftquelle","status":"publish","type":"post","link":"http:\/\/impulsgeber-nrw.de\/?p=913","title":{"rendered":"Kraftquelle"},"content":{"rendered":"<p>Unser Gehirn ist f\u00fcr uns eine ganz besondere Kraftstation und Quelle. Jeder Mensch ist auf seiner Weise kreativ. Doch wir blockieren den Zugang zu dieser Energie, weil wir allzu h\u00e4ufig durch unsere Vergangenheit aus schlechten Erfahrungen, bei Gedankenmustern und Ritualen kein update mehr gefahren haben. Auch vieles in unserem Archiv nicht ausgemistet haben, was wir nicht mehr ben\u00f6tigen. Was f\u00fcr uns nicht mehr zeitgem\u00e4\u00df ist. Dachboden, Wohnung und Keller werden ja auch in regelm\u00e4\u00dfig Abst\u00e4nden ausgemistet, PC- Programmen erhalten heutzutage automatisch ihr update, damit das jeweilige Programm wieder &#8222;runder&#8220; l\u00e4uft und nicht mehr st\u00f6rungsanf\u00e4llig ist. Wir absolvieren im Fr\u00fchjahr Di\u00e4ten und Entschlackungskuren f\u00fcr den K\u00f6rper. Was tun wir f\u00fcr unsere Schaltzentrale und Festplatte namens Gehirn?<\/p>\n<p>Es ist so, als wollten wir eine Symphony als Dirgent auff\u00fchren, nur das Orchester murrt und streitet sich intern. Es bestehen in diesen Momenten, widerspr\u00fcchliche Bed\u00fcrfnisse, unausgesprochene Gef\u00fchle, schlechtes Gewissen, der innere Schweinhund wird lauter, Furcht oder \u00c4ngste kommen st\u00e4rker hervor. Wir ringen t\u00e4glich mit ihnen.<\/p>\n<p>Wir sprechen nicht Klartext, unsere Gedanken kreisen umher und suchen krampfhaft nach einer L\u00f6sung. Zahlreiche Studien belegen: Wir blockieren uns selbst und verbauen uns somit den Zugang zu der Kraftquelle der Kreativit\u00e4t und des freien Gedankens. Der Psychologe C.G. Jung fasste Teile unserer Pers\u00f6nlichkeit, die wir eher ablehnen, zu dem Begriff &#8222;Schatten&#8220; zusammen.<\/p>\n<p>Nun, f\u00e4llt uns der Spruch ein: &#8222;\u00dcber den eigenen Schatten springen,&#8220; somit aktiviert sich dieses Bild zum Film. Die Blockade lernt laufen und verliert nach und nach die Intensit\u00e4t. Der Schatten wird schw\u00e4cher und schw\u00e4cher, bis sich alles aufl\u00f6st. Die Schattenblockade wirkt nun positiv in unserer Pers\u00f6nlichkeit. Sie integriert sich und wir f\u00fchlen dadurch keine Bedrohungen mehr.<\/p>\n<p>All das geh\u00f6rt zu unserer Pers\u00f6nlichkeit. Der Schatten\u00a0 ist das Potenzial, was in uns schlummert, um die F\u00e4higkeiten und Talente noch besser zu nutzen und nutzbarer f\u00fcr uns und anderen zu gestalten. Was f\u00fcr eine Erkenntnis.<\/p>\n<p>Viele fragen sich nun, warum so viele leistungsenschr\u00e4nkende Symptomatiken bei uns Menschen eintreten k\u00f6nnen? Weil Menschen die Hinweise ihres K\u00f6rpers, ihrer Gef\u00fchle und Intuition anders interpretieren. Die Hinweise aus diesen drei Bereichen sind klar und deutlich. Sie werden umso deutlicher, je l\u00e4nger wir sie nicht wahrnehmen bzw. gerne \u00fcberh\u00f6ren, weil vieles f\u00fcr uns wichtiger erscheint als die eigene Gesundheit.<\/p>\n<p>Das Kapital und das Fundament unserer Gesundheit, l\u00e4sst uns reicher werden, wenn wir achtsamer mit uns selbst umgehen und wirken.<\/p>\n","protected":false},"excerpt":{"rendered":"<p>Unser Gehirn ist f\u00fcr uns eine ganz besondere Kraftstation und Quelle. Jeder Mensch ist auf seiner Weise kreativ. Doch wir blockieren den Zugang zu dieser Energie, weil wir allzu h\u00e4ufig durch unsere Vergangenheit aus schlechten Erfahrungen, bei Gedankenmustern und Ritualen kein update mehr gefahren haben. Auch vieles in unserem Archiv nicht ausgemistet haben, was wir &hellip; <a href=\"http:\/\/impulsgeber-nrw.de\/?p=913\" class=\"more-link\"><span class=\"screen-reader-text\">Kraftquelle<\/span> weiterlesen <span class=\"meta-nav\">&rarr;<\/span><\/a><\/p>\n","protected":false},"author":1,"featured_media":0,"comment_status":"open","ping_status":"open","sticky":false,"template":"","format":"standard","meta":{"sfsi_plus_gutenberg_text_before_share":"","sfsi_plus_gutenberg_show_text_before_share":"","sfsi_plus_gutenberg_icon_type":"","sfsi_plus_gutenberg_icon_alignemt":"","sfsi_plus_gutenburg_max_per_row":"","footnotes":""},"categories":[2],"tags":[],"_links":{"self":[{"href":"http:\/\/impulsgeber-nrw.de\/index.php?rest_route=\/wp\/v2\/posts\/913"}],"collection":[{"href":"http:\/\/impulsgeber-nrw.de\/index.php?rest_route=\/wp\/v2\/posts"}],"about":[{"href":"http:\/\/impulsgeber-nrw.de\/index.php?rest_route=\/wp\/v2\/types\/post"}],"author":[{"embeddable":true,"href":"http:\/\/impulsgeber-nrw.de\/index.php?rest_route=\/wp\/v2\/users\/1"}],"replies":[{"embeddable":true,"href":"http:\/\/impulsgeber-nrw.de\/index.php?rest_route=%2Fwp%2Fv2%2Fcomments&post=913"}],"version-history":[{"count":2,"href":"http:\/\/impulsgeber-nrw.de\/index.php?rest_route=\/wp\/v2\/posts\/913\/revisions"}],"predecessor-version":[{"id":1246,"href":"http:\/\/impulsgeber-nrw.de\/index.php?rest_route=\/wp\/v2\/posts\/913\/revisions\/1246"}],"wp:attachment":[{"href":"http:\/\/impulsgeber-nrw.de\/index.php?rest_route=%2Fwp%2Fv2%2Fmedia&parent=913"}],"wp:term":[{"taxonomy":"category","embeddable":true,"href":"http:\/\/impulsgeber-nrw.de\/index.php?rest_route=%2Fwp%2Fv2%2Fcategories&post=913"},{"taxonomy":"post_tag","embeddable":true,"href":"http:\/\/impulsgeber-nrw.de\/index.php?rest_route=%2Fwp%2Fv2%2Ftags&post=913"}],"curies":[{"name":"wp","href":"https:\/\/api.w.org\/{rel}","templated":true}]}}